{"id":1153,"date":"2013-04-10T09:40:27","date_gmt":"2013-04-10T09:40:27","guid":{"rendered":"https:\/\/www.inmobiliariabancaria.com\/\/\/blog\/?p=1153"},"modified":"2013-05-06T14:07:07","modified_gmt":"2013-05-06T14:07:07","slug":"alquilo-piso-estudio-en-alcoy-zona-centro-universidad-1-habitacion","status":"publish","type":"post","link":"https:\/\/www.inmobiliariabancaria.com\/blog\/alquilo-piso-estudio-en-alcoy-zona-centro-universidad-1-habitacion\/","title":{"rendered":"Alquilo piso &#8211; estudio en Alcoy &#8211; zona centro Universidad &#8211; 1 habitacion"},"content":{"rendered":"<p>Se alquila Piso nuevo muy coquet\u00f3n de 45 m. en Alcoy con 1 habitaci\u00f3n, ba\u00f1o completo y sal\u00f3n comedor con cocina office. C\/Cordeta n\u00ba1 por 299\u20ac con gastos de luz y agua de la comunidad incluidos. Finca de nueva construccion. Pintado y amueblado para entrar a vivir. Justo al lado del Mercado de alimentos, m\u00e9dicos y Plaza de Espa\u00f1a.<\/p>\n<h2><strong>647 017 393\u00a0<\/strong><\/h2>\n<p>&nbsp;<\/p>\n<p><a href=\"http:\/\/www.inmobiliariabancaria.com\/blog\/wp-content\/uploads\/Cocina2.jpg\"><img loading=\"lazy\" class=\"alignleft size-full wp-image-1155\" alt=\"Piso-estudio-alcoy-Cocina\" src=\"http:\/\/www.inmobiliariabancaria.com\/blog\/wp-content\/uploads\/Cocina2.jpg\" width=\"592\" height=\"394\" srcset=\"https:\/\/www.inmobiliariabancaria.com\/blog\/wp-content\/uploads\/Cocina2.jpg 592w, https:\/\/www.inmobiliariabancaria.com\/blog\/wp-content\/uploads\/Cocina2-300x199.jpg 300w\" sizes=\"(max-width: 592px) 100vw, 592px\" \/><\/a><\/p>\n<p>&nbsp;<\/p>\n<p>&nbsp;<\/p>\n<p><!--more--><\/p>\n<p><img loading=\"lazy\" class=\"alignleft size-full wp-image-1156\" alt=\"Piso-estudio-alcoy-Comedor\" src=\"http:\/\/www.inmobiliariabancaria.com\/blog\/wp-content\/uploads\/Comedor.jpg\" width=\"592\" height=\"394\" srcset=\"https:\/\/www.inmobiliariabancaria.com\/blog\/wp-content\/uploads\/Comedor.jpg 592w, https:\/\/www.inmobiliariabancaria.com\/blog\/wp-content\/uploads\/Comedor-300x199.jpg 300w\" sizes=\"(max-width: 592px) 100vw, 592px\" \/><img loading=\"lazy\" class=\"alignleft size-full wp-image-1157\" alt=\"Piso-estudio-alcoy-Habitacion\" src=\"http:\/\/www.inmobiliariabancaria.com\/blog\/wp-content\/uploads\/Habitacion.jpg\" width=\"592\" height=\"394\" srcset=\"https:\/\/www.inmobiliariabancaria.com\/blog\/wp-content\/uploads\/Habitacion.jpg 592w, https:\/\/www.inmobiliariabancaria.com\/blog\/wp-content\/uploads\/Habitacion-300x199.jpg 300w\" sizes=\"(max-width: 592px) 100vw, 592px\" \/><a href=\"http:\/\/www.inmobiliariabancaria.com\/blog\/wp-content\/uploads\/Ba\u00f1o.jpg\"><img loading=\"lazy\" class=\"alignleft size-full wp-image-1154\" alt=\"Piso-estudio-alcoy-Ba\u00f1o\" src=\"http:\/\/www.inmobiliariabancaria.com\/blog\/wp-content\/uploads\/Ba\u00f1o.jpg\" width=\"591\" height=\"888\" srcset=\"https:\/\/www.inmobiliariabancaria.com\/blog\/wp-content\/uploads\/Ba\u00f1o.jpg 591w, https:\/\/www.inmobiliariabancaria.com\/blog\/wp-content\/uploads\/Ba\u00f1o-199x300.jpg 199w\" sizes=\"(max-width: 591px) 100vw, 591px\" \/><\/a><a href=\"http:\/\/www.inmobiliariabancaria.com\/blog\/wp-content\/uploads\/Comedor.jpg\"><br \/>\n<\/a><a href=\"http:\/\/www.inmobiliariabancaria.com\/blog\/wp-content\/uploads\/Mapa.jpg\"><img loading=\"lazy\" class=\"alignleft size-full wp-image-1158\" alt=\"Piso-estudio-alcoy-Mapa\" src=\"http:\/\/www.inmobiliariabancaria.com\/blog\/wp-content\/uploads\/Mapa.jpg\" width=\"1232\" height=\"616\" srcset=\"https:\/\/www.inmobiliariabancaria.com\/blog\/wp-content\/uploads\/Mapa.jpg 1232w, https:\/\/www.inmobiliariabancaria.com\/blog\/wp-content\/uploads\/Mapa-300x150.jpg 300w, https:\/\/www.inmobiliariabancaria.com\/blog\/wp-content\/uploads\/Mapa-1024x512.jpg 1024w\" sizes=\"(max-width: 1232px) 100vw, 1232px\" \/><\/a><\/p>\n<p>&nbsp;<\/p>\n<a class=\"synved-social-button synved-social-button-share synved-social-size-48 synved-social-resolution-single synved-social-provider-facebook nolightbox\" data-provider=\"facebook\" target=\"_blank\" rel=\"nofollow\" title=\"Comparte en Facebook\" href=\"https:\/\/www.facebook.com\/sharer.php?u=https%3A%2F%2Fwww.inmobiliariabancaria.com%2Fblog%2Fwp-json%2Fwp%2Fv2%2Fposts%2F1153&#038;t=Alquilo%20piso%20%E2%80%93%20estudio%20en%20Alcoy%20%E2%80%93%20zona%20centro%20Universidad%20%E2%80%93%201%20habitacion&#038;s=100&#038;p&#091;url&#093;=https%3A%2F%2Fwww.inmobiliariabancaria.com%2Fblog%2Fwp-json%2Fwp%2Fv2%2Fposts%2F1153&#038;p&#091;images&#093;&#091;0&#093;=http%3A%2F%2Fwww.inmobiliariabancaria.com%2Fblog%2Fwp-content%2Fuploads%2FCocina2.jpg&#038;p&#091;title&#093;=Alquilo%20piso%20%E2%80%93%20estudio%20en%20Alcoy%20%E2%80%93%20zona%20centro%20Universidad%20%E2%80%93%201%20habitacion\" style=\"font-size: 0px; width:48px;height:48px;margin:0;margin-bottom:5px;margin-right:5px;\"><img alt=\"Facebook\" title=\"Comparte en Facebook\" class=\"synved-share-image synved-social-image synved-social-image-share\" width=\"48\" height=\"48\" style=\"display: inline; width:48px;height:48px; margin: 0; padding: 0; border: none; box-shadow: none;\" src=\"https:\/\/www.inmobiliariabancaria.com\/blog\/wp-content\/plugins\/social-media-feather\/synved-social\/image\/social\/regular\/96x96\/facebook.png\" \/><\/a><a class=\"synved-social-button synved-social-button-share synved-social-size-48 synved-social-resolution-single synved-social-provider-twitter nolightbox\" data-provider=\"twitter\" target=\"_blank\" rel=\"nofollow\" title=\"Comparte en Twitter\" href=\"https:\/\/twitter.com\/intent\/tweet?url=https%3A%2F%2Fwww.inmobiliariabancaria.com%2Fblog%2Fwp-json%2Fwp%2Fv2%2Fposts%2F1153&#038;text=Hey%20check%20this%20out\" style=\"font-size: 0px; width:48px;height:48px;margin:0;margin-bottom:5px;margin-right:5px;\"><img alt=\"twitter\" title=\"Comparte en Twitter\" class=\"synved-share-image synved-social-image synved-social-image-share\" width=\"48\" height=\"48\" style=\"display: inline; width:48px;height:48px; margin: 0; padding: 0; border: none; box-shadow: none;\" src=\"https:\/\/www.inmobiliariabancaria.com\/blog\/wp-content\/plugins\/social-media-feather\/synved-social\/image\/social\/regular\/96x96\/twitter.png\" \/><\/a><a class=\"synved-social-button synved-social-button-share synved-social-size-48 synved-social-resolution-single synved-social-provider-linkedin nolightbox\" data-provider=\"linkedin\" target=\"_blank\" rel=\"nofollow\" title=\"Comparte en Linkedin\" href=\"https:\/\/www.linkedin.com\/shareArticle?mini=true&#038;url=https%3A%2F%2Fwww.inmobiliariabancaria.com%2Fblog%2Fwp-json%2Fwp%2Fv2%2Fposts%2F1153&#038;title=Alquilo%20piso%20%E2%80%93%20estudio%20en%20Alcoy%20%E2%80%93%20zona%20centro%20Universidad%20%E2%80%93%201%20habitacion\" style=\"font-size: 0px; width:48px;height:48px;margin:0;margin-bottom:5px;\"><img alt=\"linkedin\" title=\"Comparte en Linkedin\" class=\"synved-share-image synved-social-image synved-social-image-share\" width=\"48\" height=\"48\" style=\"display: inline; width:48px;height:48px; margin: 0; padding: 0; border: none; box-shadow: none;\" src=\"https:\/\/www.inmobiliariabancaria.com\/blog\/wp-content\/plugins\/social-media-feather\/synved-social\/image\/social\/regular\/96x96\/linkedin.png\" \/><\/a>","protected":false},"excerpt":{"rendered":"<p>Se alquila Piso nuevo muy coquet\u00f3n de 45 m. en Alcoy con 1 habitaci\u00f3n, ba\u00f1o completo y sal\u00f3n comedor con cocina office. C\/Cordeta n\u00ba1 por 299\u20ac con gastos de luz y agua de la comunidad incluidos. Finca de nueva construccion. Pintado y amueblado para entrar a vivir. Justo al lado del Mercado de alimentos, m\u00e9dicos y Plaza de Espa\u00f1a. 647 017 393\u00a0 &nbsp; &nbsp; &nbsp;<\/p>\n","protected":false},"author":2,"featured_media":0,"comment_status":"open","ping_status":"open","sticky":false,"template":"","format":"standard","meta":[],"categories":[314,315,316],"tags":[],"jetpack_featured_media_url":"","_links":{"self":[{"href":"https:\/\/www.inmobiliariabancaria.com\/blog\/wp-json\/wp\/v2\/posts\/1153"}],"collection":[{"href":"https:\/\/www.inmobiliariabancaria.com\/blog\/wp-json\/wp\/v2\/posts"}],"about":[{"href":"https:\/\/www.inmobiliariabancaria.com\/blog\/wp-json\/wp\/v2\/types\/post"}],"author":[{"embeddable":true,"href":"https:\/\/www.inmobiliariabancaria.com\/blog\/wp-json\/wp\/v2\/users\/2"}],"replies":[{"embeddable":true,"href":"https:\/\/www.inmobiliariabancaria.com\/blog\/wp-json\/wp\/v2\/comments?post=1153"}],"version-history":[{"count":8,"href":"https:\/\/www.inmobiliariabancaria.com\/blog\/wp-json\/wp\/v2\/posts\/1153\/revisions"}],"predecessor-version":[{"id":1180,"href":"https:\/\/www.inmobiliariabancaria.com\/blog\/wp-json\/wp\/v2\/posts\/1153\/revisions\/1180"}],"wp:attachment":[{"href":"https:\/\/www.inmobiliariabancaria.com\/blog\/wp-json\/wp\/v2\/media?parent=1153"}],"wp:term":[{"taxonomy":"category","embeddable":true,"href":"https:\/\/www.inmobiliariabancaria.com\/blog\/wp-json\/wp\/v2\/categories?post=1153"},{"taxonomy":"post_tag","embeddable":true,"href":"https:\/\/www.inmobiliariabancaria.com\/blog\/wp-json\/wp\/v2\/tags?post=1153"}],"curies":[{"name":"wp","href":"https:\/\/api.w.org\/{rel}","templated":true}]}}