{"id":1435,"date":"2013-08-28T14:23:09","date_gmt":"2013-08-28T12:23:09","guid":{"rendered":"https:\/\/www.inmobiliariabancaria.com\/\/\/blog\/?p=1435"},"modified":"2015-10-08T13:08:29","modified_gmt":"2015-10-08T11:08:29","slug":"los-pisos-aticos-de-los-bancos-mas-baratos-de-espana","status":"publish","type":"post","link":"https:\/\/www.inmobiliariabancaria.com\/blog\/los-pisos-aticos-de-los-bancos-mas-baratos-de-espana\/","title":{"rendered":"Los 33 \u00e1ticos de los bancos m\u00e1s baratos de Espa\u00f1a"},"content":{"rendered":"<p>Hoy retomamos el vuelo despu\u00e9s de una merecidas vacaciones pero solo parte de nuestro equipo. Nos turnamos justo para poder darte nuestro mejor SERVICIO y&#8230;<\/p>\n<h2>&#8230;hoy Inmobiliaria Bancaria se DESTAPA y te hace un <span style=\"color: #0000ff;\">REGALO<\/span><\/h2>\n<p>\u00bfMOTIVO? &#8230; = TU&#8230;<\/p>\n<p>&#8230;y tu demanda de viviendas de entidades bancarias del que cada vez podemos ofrecerte m\u00e1s pisos, apartamentos y casas que proceden de los bancos en una sola Web. Ya sabes que nos encargamos de rastrear cada una de las m\u00e1s de 20 Webs de los Bancos a diario para poderte ofrecer m\u00e1s de 50.000 viviendas y casas y todas las novedades que tienen, actualizar los precios de las ya existentes e informarte de cualquier cambio. Todo este esfuerzo es justo para evitar que gastes un tiempo innecesario en visitar estas m\u00e1s de 20 p\u00e1ginas y que ahorres TIEMPO al menor coste, porque nuestros PRECIOS son SIN tienen cargas de COMISION y los mismos del BANCO. Eso ya lo conoce las m\u00e1s de 60.000 personas que nos visitan todos los meses y eso ser\u00e1 por algo \u00bfNO?<\/p>\n<p>Nuestro REGALO y fuera rollos&#8230;&#8230;<\/p>\n<h3>Los 33 pisos de los bancos m\u00e1s baratos de Espa\u00f1a<\/h3>\n<table width=\"100%\" cellspacing=\"2\" cellpadding=\"0\">\n<tbody>\n<tr>\n<td align=\"right\"><a href=\"http:\/\/www.inmobiliariabancaria.com\/index.php?texto_vi=&amp;tipo_vi=ATICO&amp;provincia_vi=&amp;operacion_vi=0&amp;subtipo_vi=&amp;poblacion_vi=&amp;precio_vi=&amp;zona_vi=&amp;i=0&amp;filtro_orden_resultados=vivienda_precio%20DESC&amp;rebaja=1\">\u00a0<\/a><\/td>\n<\/tr>\n<tr>\n<td valign=\"top\" width=\"50%\">\n<table border=\"0\" width=\"100%\" cellspacing=\"1\" cellpadding=\"2\" bgcolor=\"#ffffff\">\n<tbody>\n<tr valign=\"top\">\n<td rowspan=\"2\" align=\"left\" valign=\"top\" width=\"90\"><a href=\"http:\/\/www.inmobiliariabancaria.com\/18913\/0\/valencia\/algemesi\/atico\" target=\"_blank\"><img src=\"http:\/\/u.doncomparador.com\/viviendas\/201207\/22707\/127269\/small_imagen-769630.jpg\" alt=\"Ver ficha del ATICO\" width=\"90\" border=\"1\" \/><\/a><\/td>\n<td valign=\"top\"><a title=\"Ver ficha del ATICO\" href=\"http:\/\/www.inmobiliariabancaria.com\/18913\/0\/valencia\/algemesi\/atico\" target=\"_blank\">Algemes\u00ed<br \/>\nZona:<br \/>\nATICO<\/a><br \/>\nSuperficie:\u00a083,00 m\u00b2.<\/td>\n<\/tr>\n<tr>\n<td align=\"right\" valign=\"bottom\">20.600 \u20ac<\/td>\n<\/tr>\n<\/tbody>\n<\/table>\n<\/td>\n<\/tr>\n<tr>\n<td valign=\"top\" width=\"50%\">\n<table border=\"0\" width=\"100%\" cellspacing=\"1\" cellpadding=\"2\" bgcolor=\"#e8f4fe\">\n<tbody>\n<tr valign=\"top\">\n<td rowspan=\"2\" align=\"left\" valign=\"top\" width=\"90\"><a href=\"http:\/\/www.inmobiliariabancaria.com\/92283\/0\/leon\/bembibre\/atico-de-banco\" target=\"_blank\"><img src=\"http:\/\/u.doncomparador.com\/viviendas\/201303\/81940\/453456\/small_009001000100001xxxxxxxxx7829470101pcocina.jpg\" alt=\"Ver ficha del ATICO\" width=\"90\" border=\"1\" \/><\/a><\/td>\n<td valign=\"top\"><a title=\"Ver ficha del ATICO\" href=\"http:\/\/www.inmobiliariabancaria.com\/92283\/0\/leon\/bembibre\/atico\" target=\"_blank\">Bembibre<br \/>\nZona:<br \/>\nATICO<\/a><br \/>\nSuperficie:\u00a055,62 m\u00b2.<br \/>\n1 Habitaciones 1, Ba\u00f1o<\/td>\n<\/tr>\n<tr>\n<td align=\"right\" valign=\"bottom\">40.090 \u20ac<\/td>\n<\/tr>\n<\/tbody>\n<\/table>\n<\/td>\n<\/tr>\n<tr>\n<td valign=\"top\" width=\"50%\">\n<table border=\"0\" width=\"100%\" cellspacing=\"1\" cellpadding=\"2\" bgcolor=\"#ffffff\">\n<tbody>\n<tr valign=\"top\">\n<td rowspan=\"2\" align=\"left\" valign=\"top\" width=\"90\"><a href=\"http:\/\/www.inmobiliariabancaria.com\/28180\/0\/segovia\/espirdo\/atico\" target=\"_blank\"><img src=\"http:\/\/u.doncomparador.com\/viviendas\/201207\/32014\/159353\/small_imagen-645677.jpg\" alt=\"Ver ficha del ATICO\" width=\"90\" border=\"1\" \/><\/a><\/td>\n<td valign=\"top\"><a title=\"Ver ficha del ATICO\" href=\"http:\/\/www.inmobiliariabancaria.com\/28180\/0\/segovia\/espirdo\/atico-de-banco\" target=\"_blank\">Espirdo<br \/>\nZona:<br \/>\nATICO<\/a><br \/>\nSuperficie:\u00a045,00 m\u00b2.<\/td>\n<\/tr>\n<tr>\n<td align=\"right\" valign=\"bottom\">40.200 \u20ac<\/td>\n<\/tr>\n<\/tbody>\n<\/table>\n<\/td>\n<\/tr>\n<tr>\n<td valign=\"top\" width=\"50%\">\n<table border=\"0\" width=\"100%\" cellspacing=\"1\" cellpadding=\"2\" bgcolor=\"#e8f4fe\">\n<tbody>\n<tr valign=\"top\">\n<td rowspan=\"2\" align=\"left\" valign=\"top\" width=\"90\"><a href=\"http:\/\/www.inmobiliariabancaria.com\/35050\/0\/alicante\/alcoy\/atico-de-banco\" target=\"_blank\"><img src=\"http:\/\/u.doncomparador.com\/viviendas\/201207\/34966\/174824\/small_009001000100001xxxxxxxxx5894470101pdormitorio3.jpg\" alt=\"Ver ficha del ATICO\" width=\"90\" border=\"1\" \/><\/a><\/td>\n<td valign=\"top\"><a title=\"Ver ficha del ATICO\" href=\"http:\/\/www.inmobiliariabancaria.com\/35050\/0\/alicante\/alcoy\/atico\" target=\"_blank\">Alcoy<br \/>\nZona:<br \/>\nATICO<\/a><br \/>\nSuperficie:\u00a076,00 m\u00b2.<br \/>\n3 Habitacioneses 1, Ba\u00f1o<\/td>\n<\/tr>\n<tr>\n<td align=\"right\" valign=\"bottom\">40.500 \u20ac<\/td>\n<\/tr>\n<\/tbody>\n<\/table>\n<\/td>\n<\/tr>\n<tr>\n<td valign=\"top\" width=\"50%\">\n<table border=\"0\" width=\"100%\" cellspacing=\"1\" cellpadding=\"2\" bgcolor=\"#ffffff\">\n<tbody>\n<tr valign=\"top\">\n<td rowspan=\"2\" align=\"left\" valign=\"top\" width=\"90\"><a href=\"http:\/\/www.inmobiliariabancaria.com\/24635\/0\/lerida\/balaguer\/atico-de-banco\" target=\"_blank\"><img src=\"http:\/\/u.doncomparador.com\/viviendas\/201207\/28461\/145854\/small_imagen-610011.jpg\" alt=\"Ver ficha del ATICO\" width=\"90\" border=\"1\" \/><\/a><\/td>\n<td valign=\"top\"><a title=\"Ver ficha del ATICO\" href=\"http:\/\/www.inmobiliariabancaria.com\/24635\/0\/lerida\/balaguer\/atico\" target=\"_blank\">Balaguer<br \/>\nZona:<br \/>\nATICO<\/a><br \/>\nSuperficie:\u00a0130,00 m\u00b2.<\/td>\n<\/tr>\n<tr>\n<td align=\"right\" valign=\"bottom\">50.600 \u20ac<\/td>\n<\/tr>\n<\/tbody>\n<\/table>\n<\/td>\n<\/tr>\n<tr>\n<td valign=\"top\" width=\"50%\">\n<table border=\"0\" width=\"100%\" cellspacing=\"1\" cellpadding=\"2\" bgcolor=\"#e8f4fe\">\n<tbody>\n<tr valign=\"top\">\n<td rowspan=\"2\" align=\"left\" valign=\"top\" width=\"90\"><a href=\"http:\/\/www.inmobiliariabancaria.com\/62954\/0\/las-palmas\/arrecife\/atico\" target=\"_blank\"><img src=\"http:\/\/u.doncomparador.com\/viviendas\/201212\/59133\/340743\/small_imagen-796488.jpg\" alt=\"Ver ficha del ATICO\" width=\"90\" border=\"1\" \/><\/a><\/td>\n<td valign=\"top\"><a title=\"Ver ficha del ATICO\" href=\"http:\/\/www.inmobiliariabancaria.com\/62954\/0\/las-palmas\/arrecife\/atico\" target=\"_blank\">ARRECIFE<br \/>\nZona:<br \/>\nATICO<\/a><br \/>\nSuperficie:\u00a0100,00 m\u00b2.<\/td>\n<\/tr>\n<tr>\n<td align=\"right\" valign=\"bottom\">51.000 \u20ac<\/td>\n<\/tr>\n<\/tbody>\n<\/table>\n<\/td>\n<\/tr>\n<tr>\n<td valign=\"top\" width=\"50%\">\n<table border=\"0\" width=\"100%\" cellspacing=\"1\" cellpadding=\"2\" bgcolor=\"#ffffff\">\n<tbody>\n<tr valign=\"top\">\n<td rowspan=\"2\" align=\"left\" valign=\"top\" width=\"90\"><a href=\"http:\/\/www.inmobiliariabancaria.com\/19890\/0\/barcelona\/corbera-de-llobregat\/atico-de-banco\" target=\"_blank\"><img src=\"http:\/\/u.doncomparador.com\/viviendas\/201207\/23684\/130214\/small_imagen-640298.jpg\" alt=\"Ver ficha del ATICO\" width=\"90\" border=\"1\" \/><\/a><\/td>\n<td valign=\"top\"><a title=\"Ver ficha del ATICO\" href=\"http:\/\/www.inmobiliariabancaria.com\/19890\/0\/barcelona\/corbera-de-llobregat\/atico\" target=\"_blank\">Corbera de Llobregat<br \/>\nZona:<br \/>\nATICO<\/a><br \/>\nSuperficie:\u00a045,00 m\u00b2.<\/td>\n<\/tr>\n<tr>\n<td align=\"right\" valign=\"bottom\">52.700 \u20ac<\/td>\n<\/tr>\n<\/tbody>\n<\/table>\n<\/td>\n<\/tr>\n<tr>\n<td valign=\"top\" width=\"50%\">\n<table border=\"0\" width=\"100%\" cellspacing=\"1\" cellpadding=\"2\" bgcolor=\"#e8f4fe\">\n<tbody>\n<tr valign=\"top\">\n<td rowspan=\"2\" align=\"left\" valign=\"top\" width=\"90\"><a href=\"http:\/\/www.inmobiliariabancaria.com\/27603\/0\/pontevedra\/partido-judicial-de-lalin\/atico\" target=\"_blank\"><img src=\"http:\/\/u.doncomparador.com\/viviendas\/201207\/31437\/156491\/small_imagen-773543.jpg\" alt=\"Ver ficha del ATICO\" width=\"90\" border=\"1\" \/><\/a><\/td>\n<td valign=\"top\"><a title=\"Ver ficha del ATICO\" href=\"http:\/\/www.inmobiliariabancaria.com\/27603\/0\/pontevedra\/partido-judicial-de-lalin\/atico\" target=\"_blank\">Partido Judicial de Lal\u00edn<br \/>\nZona:<br \/>\nATICO<\/a><br \/>\nSuperficie:\u00a070,00 m\u00b2.<\/td>\n<\/tr>\n<tr>\n<td align=\"right\" valign=\"bottom\">58.500 \u20ac<\/td>\n<\/tr>\n<\/tbody>\n<\/table>\n<\/td>\n<\/tr>\n<tr>\n<td valign=\"top\" width=\"50%\">\n<table border=\"0\" width=\"100%\" cellspacing=\"1\" cellpadding=\"2\" bgcolor=\"#ffffff\">\n<tbody>\n<tr valign=\"top\">\n<td rowspan=\"2\" align=\"left\" valign=\"top\" width=\"90\"><a href=\"http:\/\/www.inmobiliariabancaria.com\/19506\/0\/almeria\/roquetas-de-mar\/atico-de-banco\" target=\"_blank\"><img src=\"http:\/\/u.doncomparador.com\/viviendas\/201207\/23300\/129091\/small_imagen-273985.jpg\" alt=\"Ver ficha del ATICO\" width=\"90\" border=\"1\" \/><\/a><\/td>\n<td valign=\"top\"><a title=\"Ver ficha del ATICO\" href=\"http:\/\/www.inmobiliariabancaria.com\/19506\/0\/almeria\/roquetas-de-mar\/atico-de-banco\" target=\"_blank\">Roquetas de Mar<br \/>\nZona:<br \/>\nATICO<\/a><br \/>\nSuperficie:\u00a066,00 m\u00b2.<\/td>\n<\/tr>\n<tr>\n<td align=\"right\" valign=\"bottom\">63.800 \u20ac<\/td>\n<\/tr>\n<\/tbody>\n<\/table>\n<\/td>\n<\/tr>\n<tr>\n<td valign=\"top\" width=\"50%\">\n<table border=\"0\" width=\"100%\" cellspacing=\"1\" cellpadding=\"2\" bgcolor=\"#e8f4fe\">\n<tbody>\n<tr valign=\"top\">\n<td rowspan=\"2\" align=\"left\" valign=\"top\" width=\"90\"><a href=\"http:\/\/www.inmobiliariabancaria.com\/94718\/0\/barcelona\/santa-coloma-de-gramenet\/atico-de-banco\" target=\"_blank\"><img src=\"http:\/\/www.inmobiliariabancaria.com\/imagen\/sin_imagen.gif\" alt=\"Ver ficha del ATICO\" width=\"90\" border=\"1\" \/><\/a><\/td>\n<td valign=\"top\"><a title=\"Ver ficha del ATICO\" href=\"http:\/\/www.inmobiliariabancaria.com\/94718\/0\/barcelona\/santa-coloma-de-gramenet\/atico\" target=\"_blank\">Santa Coloma de Gramenet<br \/>\nZona:<br \/>\nATICO<\/a><br \/>\nSuperficie:\u00a057,00 m\u00b2.<br \/>\n2 Habitacioneses 1, Ba\u00f1o<\/td>\n<\/tr>\n<tr>\n<td align=\"right\" valign=\"bottom\">65.200 \u20ac<\/td>\n<\/tr>\n<\/tbody>\n<\/table>\n<\/td>\n<\/tr>\n<tr>\n<td valign=\"top\" width=\"50%\">\n<table border=\"0\" width=\"100%\" cellspacing=\"1\" cellpadding=\"2\" bgcolor=\"#ffffff\">\n<tbody>\n<tr valign=\"top\">\n<td rowspan=\"2\" align=\"left\" valign=\"top\" width=\"90\"><a href=\"http:\/\/www.inmobiliariabancaria.com\/95805\/0\/huelva\/aljaraque\/atico-de-banco\" target=\"_blank\"><img src=\"http:\/\/www.inmobiliariabancaria.com\/imagen\/sin_imagen.gif\" alt=\"Ver ficha del ATICO\" width=\"90\" border=\"1\" \/><\/a><\/td>\n<td valign=\"top\"><a title=\"Ver ficha del ATICO\" href=\"http:\/\/www.inmobiliariabancaria.com\/95805\/0\/huelva\/aljaraque\/atico-de-banco\" target=\"_blank\">Aljaraque<br \/>\nZona:<br \/>\nATICO<\/a><br \/>\nSuperficie:\u00a069,00 m\u00b2.<br \/>\n2 Habitacioneses 1, Ba\u00f1o<\/td>\n<\/tr>\n<tr>\n<td align=\"right\" valign=\"bottom\">69.500 \u20ac<\/td>\n<\/tr>\n<\/tbody>\n<\/table>\n<\/td>\n<\/tr>\n<tr>\n<td valign=\"top\" width=\"50%\">\n<table border=\"0\" width=\"100%\" cellspacing=\"1\" cellpadding=\"2\" bgcolor=\"#e8f4fe\">\n<tbody>\n<tr valign=\"top\">\n<td rowspan=\"2\" align=\"left\" valign=\"top\" width=\"90\"><a href=\"http:\/\/www.inmobiliariabancaria.com\/24682\/0\/lerida\/les-borges-blanques\/atico\" target=\"_blank\"><img src=\"http:\/\/u.doncomparador.com\/viviendas\/201207\/28508\/145969\/small_imagen-690959.jpg\" alt=\"Ver ficha del ATICO\" width=\"90\" border=\"1\" \/><\/a><\/td>\n<td valign=\"top\"><a title=\"Ver ficha del ATICO\" href=\"http:\/\/www.inmobiliariabancaria.com\/24682\/0\/lerida\/les-borges-blanques\/atico\" target=\"_blank\">les Borges Blanques<br \/>\nZona:<br \/>\nATICO<\/a><br \/>\nSuperficie:\u00a0151,00 m\u00b2.<\/td>\n<\/tr>\n<tr>\n<td align=\"right\" valign=\"bottom\">70.100 \u20ac<\/td>\n<\/tr>\n<\/tbody>\n<\/table>\n<\/td>\n<\/tr>\n<tr>\n<td valign=\"top\" width=\"50%\">\n<table border=\"0\" width=\"100%\" cellspacing=\"1\" cellpadding=\"2\" bgcolor=\"#ffffff\">\n<tbody>\n<tr valign=\"top\">\n<td rowspan=\"2\" align=\"left\" valign=\"top\" width=\"90\"><a href=\"http:\/\/www.inmobiliariabancaria.com\/85594\/0\/tenerife\/santa-cruz-de-tenerife\/atico\" target=\"_blank\"><img src=\"http:\/\/www.inmobiliariabancaria.com\/imagen\/sin_imagen.gif\" alt=\"Ver ficha del ATICO\" width=\"90\" border=\"1\" \/><\/a><\/td>\n<td valign=\"top\"><a title=\"Ver ficha del ATICO\" href=\"http:\/\/www.inmobiliariabancaria.com\/85594\/0\/tenerife\/santa-cruz-de-tenerife\/atico\" target=\"_blank\">Santa Cruz de Tenerife<br \/>\nZona:<br \/>\nATICO<\/a><br \/>\nSuperficie:\u00a080,00 m\u00b2.<br \/>\n2 Habitacioneses 1, Ba\u00f1o<\/td>\n<\/tr>\n<tr>\n<td align=\"right\" valign=\"bottom\">70.300 \u20ac<\/td>\n<\/tr>\n<\/tbody>\n<\/table>\n<\/td>\n<\/tr>\n<tr>\n<td valign=\"top\" width=\"50%\">\n<table border=\"0\" width=\"100%\" cellspacing=\"1\" cellpadding=\"2\" bgcolor=\"#e8f4fe\">\n<tbody>\n<tr valign=\"top\">\n<td rowspan=\"2\" align=\"left\" valign=\"top\" width=\"90\"><a href=\"http:\/\/www.inmobiliariabancaria.com\/20563\/0\/gerona\/vidreres\/atico-de-banco\" target=\"_blank\"><img src=\"http:\/\/u.doncomparador.com\/viviendas\/201207\/24383\/132451\/small_imagen-437126.jpg\" alt=\"Ver ficha del ATICO\" width=\"90\" border=\"1\" \/><\/a><\/td>\n<td valign=\"top\"><a title=\"Ver ficha del ATICO\" href=\"http:\/\/www.inmobiliariabancaria.com\/20563\/0\/gerona\/vidreres\/atico\" target=\"_blank\">Vidreres<br \/>\nZona:<br \/>\nATICO<\/a><br \/>\nSuperficie:\u00a082,00 m\u00b2.<\/td>\n<\/tr>\n<tr>\n<td align=\"right\" valign=\"bottom\">72.500 \u20ac<\/td>\n<\/tr>\n<\/tbody>\n<\/table>\n<\/td>\n<\/tr>\n<tr>\n<td valign=\"top\" width=\"50%\">\n<table border=\"0\" width=\"100%\" cellspacing=\"1\" cellpadding=\"2\" bgcolor=\"#ffffff\">\n<tbody>\n<tr valign=\"top\">\n<td rowspan=\"2\" align=\"left\" valign=\"top\" width=\"90\"><a href=\"http:\/\/www.inmobiliariabancaria.com\/81075\/0\/huelva\/huelva\/atico-de-banco\" target=\"_blank\"><img src=\"http:\/\/www.inmobiliariabancaria.com\/imagen\/sin_imagen.gif\" alt=\"Ver ficha del ATICO\" width=\"90\" border=\"1\" \/><\/a><\/td>\n<td valign=\"top\"><a title=\"Ver ficha del ATICO\" href=\"http:\/\/www.inmobiliariabancaria.com\/81075\/0\/huelva\/huelva\/atico-de-banco\" target=\"_blank\">HUELVA<br \/>\nZona:<br \/>\nATICO<\/a><br \/>\nSuperficie:\u00a080,00 m\u00b2.<br \/>\n3 Habitacioneses 1, Ba\u00f1o<\/td>\n<\/tr>\n<tr>\n<td align=\"right\" valign=\"bottom\">75.800 \u20ac<\/td>\n<\/tr>\n<\/tbody>\n<\/table>\n<\/td>\n<\/tr>\n<\/tbody>\n<\/table>\n<table width=\"100%\" cellspacing=\"2\" cellpadding=\"0\">\n<tbody>\n<tr>\n<td align=\"right\"><\/td>\n<\/tr>\n<tr>\n<td valign=\"top\" width=\"50%\">\n<table border=\"0\" width=\"100%\" cellspacing=\"1\" cellpadding=\"2\" bgcolor=\"#ffffff\">\n<tbody>\n<tr valign=\"top\">\n<td rowspan=\"2\" align=\"left\" valign=\"top\" width=\"90\"><a href=\"http:\/\/www.inmobiliariabancaria.com\/32959\/15\/malaga\/mijas\/atico-de-banco\" target=\"_blank\"><img src=\"http:\/\/u.doncomparador.com\/viviendas\/201207\/36842\/202042\/small_009001000100001xxxxxxxxx7566110101ppisos20de20banco20en20las20lagunas20mijas20costa20fuengirola2028729.jpg\" alt=\"Ver ficha del ATICO\" width=\"90\" border=\"1\" \/><\/a><\/td>\n<td valign=\"top\"><a title=\"Ver ficha del ATICO\" href=\"http:\/\/www.inmobiliariabancaria.com\/32959\/15\/malaga\/mijas\/atico\" target=\"_blank\">Mijas<br \/>\nZona:<br \/>\nATICO<\/a><br \/>\n2 Habitacioneses 1, Ba\u00f1o<\/td>\n<\/tr>\n<tr>\n<td align=\"right\" valign=\"bottom\">79.500 \u20ac<\/td>\n<\/tr>\n<\/tbody>\n<\/table>\n<\/td>\n<\/tr>\n<tr>\n<td valign=\"top\" width=\"50%\">\n<table border=\"0\" width=\"100%\" cellspacing=\"1\" cellpadding=\"2\" bgcolor=\"#e8f4fe\">\n<tbody>\n<tr valign=\"top\">\n<td rowspan=\"2\" align=\"left\" valign=\"top\" width=\"90\"><a href=\"http:\/\/www.inmobiliariabancaria.com\/26018\/15\/malaga\/velez-malaga\/atico-de-banco\" target=\"_blank\"><img src=\"http:\/\/u.doncomparador.com\/viviendas\/201207\/29851\/150402\/small_imagen-137099.jpg\" alt=\"Ver ficha del ATICO\" width=\"90\" border=\"1\" \/><\/a><\/td>\n<td valign=\"top\"><a title=\"Ver ficha del ATICO\" href=\"http:\/\/www.inmobiliariabancaria.com\/26018\/15\/malaga\/velez-malaga\/atico-de-banco\" target=\"_blank\">V\u00e9lez-M\u00e1laga<br \/>\nZona:<br \/>\nATICO<\/a><br \/>\nSuperficie:\u00a077,00 m\u00b2.<\/td>\n<\/tr>\n<tr>\n<td align=\"right\" valign=\"bottom\">85.900 \u20ac<\/td>\n<\/tr>\n<\/tbody>\n<\/table>\n<\/td>\n<\/tr>\n<tr>\n<td valign=\"top\" width=\"50%\">\n<table border=\"0\" width=\"100%\" cellspacing=\"1\" cellpadding=\"2\" bgcolor=\"#ffffff\">\n<tbody>\n<tr valign=\"top\">\n<td rowspan=\"2\" align=\"left\" valign=\"top\" width=\"90\"><a href=\"http:\/\/www.inmobiliariabancaria.com\/27573\/15\/pontevedra\/sanxenxo\/atico-de-banco\" target=\"_blank\"><img src=\"http:\/\/u.doncomparador.com\/viviendas\/201207\/31407\/156356\/small_imagen-397720.jpg\" alt=\"Ver ficha del ATICO\" width=\"90\" border=\"1\" \/><\/a><\/td>\n<td valign=\"top\"><a title=\"Ver ficha del ATICO\" href=\"http:\/\/www.inmobiliariabancaria.com\/27573\/15\/pontevedra\/sanxenxo\/atico-de-banco\" target=\"_blank\">Sanxenxo<br \/>\nZona:<br \/>\nATICO<\/a><br \/>\nSuperficie:\u00a0101,00 m\u00b2.<\/td>\n<\/tr>\n<tr>\n<td align=\"right\" valign=\"bottom\">88.300 \u20ac<\/td>\n<\/tr>\n<\/tbody>\n<\/table>\n<\/td>\n<\/tr>\n<tr>\n<td valign=\"top\" width=\"50%\">\n<table border=\"0\" width=\"100%\" cellspacing=\"1\" cellpadding=\"2\" bgcolor=\"#e8f4fe\">\n<tbody>\n<tr valign=\"top\">\n<td rowspan=\"2\" align=\"left\" valign=\"top\" width=\"90\"><a href=\"http:\/\/www.inmobiliariabancaria.com\/25832\/15\/malaga\/mijas\/atico\" target=\"_blank\"><img src=\"http:\/\/u.doncomparador.com\/viviendas\/201207\/29665\/149699\/small_imagen-397409.jpg\" alt=\"Ver ficha del ATICO\" width=\"90\" border=\"1\" \/><\/a><\/td>\n<td valign=\"top\"><a title=\"Ver ficha del ATICO\" href=\"http:\/\/www.inmobiliariabancaria.com\/25832\/15\/malaga\/mijas\/atico-de-banco\" target=\"_blank\">Mijas<br \/>\nZona:<br \/>\nATICO<\/a><br \/>\nSuperficie:\u00a050,00 m\u00b2.<\/td>\n<\/tr>\n<tr>\n<td align=\"right\" valign=\"bottom\">95.000 \u20ac<\/td>\n<\/tr>\n<\/tbody>\n<\/table>\n<\/td>\n<\/tr>\n<tr>\n<td valign=\"top\" width=\"50%\">\n<table border=\"0\" width=\"100%\" cellspacing=\"1\" cellpadding=\"2\" bgcolor=\"#ffffff\">\n<tbody>\n<tr valign=\"top\">\n<td rowspan=\"2\" align=\"left\" valign=\"top\" width=\"90\"><a href=\"http:\/\/www.inmobiliariabancaria.com\/41974\/15\/sevilla\/lebrija\/atico\" target=\"_blank\"><img src=\"http:\/\/www.inmobiliariabancaria.com\/imagen\/sin_imagen.gif\" alt=\"Ver ficha del ATICO\" width=\"90\" border=\"1\" \/><\/a><\/td>\n<td valign=\"top\"><a title=\"Ver ficha del ATICO\" href=\"http:\/\/www.inmobiliariabancaria.com\/41974\/15\/sevilla\/lebrija\/atico-de-banco\" target=\"_blank\">Lebrija<br \/>\nZona:<br \/>\nATICO<\/a><br \/>\nSuperficie:\u00a0199,00 m\u00b2.<br \/>\n4 Habitacioneses 2, Ba\u00f1os<\/td>\n<\/tr>\n<tr>\n<td align=\"right\" valign=\"bottom\">99.100 \u20ac<\/td>\n<\/tr>\n<\/tbody>\n<\/table>\n<\/td>\n<\/tr>\n<tr>\n<td valign=\"top\" width=\"50%\">\n<table border=\"0\" width=\"100%\" cellspacing=\"1\" cellpadding=\"2\" bgcolor=\"#e8f4fe\">\n<tbody>\n<tr valign=\"top\">\n<td rowspan=\"2\" align=\"left\" valign=\"top\" width=\"90\"><a href=\"http:\/\/www.inmobiliariabancaria.com\/76818\/15\/malaga\/mijas\/atico-de-banco\" target=\"_blank\"><img src=\"http:\/\/u.doncomparador.com\/viviendas\/201212\/60135\/344200\/small_1355538053554-35322900000647-01-56350.jpg\" alt=\"Ver ficha del ATICO\" width=\"90\" border=\"1\" \/><\/a><\/td>\n<td valign=\"top\"><a title=\"Ver ficha del ATICO\" href=\"http:\/\/www.inmobiliariabancaria.com\/76818\/15\/malaga\/mijas\/atico\" target=\"_blank\">Mijas<br \/>\nZona:<br \/>\nATICO<\/a><br \/>\nSuperficie:\u00a0118,00 m\u00b2.<br \/>\n2 Habitacioneses 2, Ba\u00f1os<\/td>\n<\/tr>\n<tr>\n<td align=\"right\" valign=\"bottom\">99.700 \u20ac<\/td>\n<\/tr>\n<\/tbody>\n<\/table>\n<\/td>\n<\/tr>\n<tr>\n<td valign=\"top\" width=\"50%\">\n<table border=\"0\" width=\"100%\" cellspacing=\"1\" cellpadding=\"2\" bgcolor=\"#ffffff\">\n<tbody>\n<tr valign=\"top\">\n<td rowspan=\"2\" align=\"left\" valign=\"top\" width=\"90\"><a href=\"http:\/\/www.inmobiliariabancaria.com\/29335\/15\/tarragona\/amposta\/atico\" target=\"_blank\"><img src=\"http:\/\/u.doncomparador.com\/viviendas\/201207\/33169\/162647\/small_imagen-494570.jpg\" alt=\"Ver ficha del ATICO\" width=\"90\" border=\"1\" \/><\/a><\/td>\n<td valign=\"top\"><a title=\"Ver ficha del ATICO\" href=\"http:\/\/www.inmobiliariabancaria.com\/29335\/15\/tarragona\/amposta\/atico\" target=\"_blank\">Amposta<br \/>\nZona:<br \/>\nATICO<\/a><br \/>\nSuperficie:\u00a089,00 m\u00b2.<\/td>\n<\/tr>\n<tr>\n<td align=\"right\" valign=\"bottom\">100.200 \u20ac<\/td>\n<\/tr>\n<\/tbody>\n<\/table>\n<\/td>\n<\/tr>\n<tr>\n<td valign=\"top\" width=\"50%\">\n<table border=\"0\" width=\"100%\" cellspacing=\"1\" cellpadding=\"2\" bgcolor=\"#e8f4fe\">\n<tbody>\n<tr valign=\"top\">\n<td rowspan=\"2\" align=\"left\" valign=\"top\" width=\"90\"><a href=\"http:\/\/www.inmobiliariabancaria.com\/41439\/15\/jaen\/linares\/atico-de-banco\" target=\"_blank\"><img src=\"http:\/\/u.doncomparador.com\/viviendas\/201211\/48712\/261679\/small_imagen-407745.jpg\" alt=\"Ver ficha del ATICO\" width=\"90\" border=\"1\" \/><\/a><\/td>\n<td valign=\"top\"><a title=\"Ver ficha del ATICO\" href=\"http:\/\/www.inmobiliariabancaria.com\/41439\/15\/jaen\/linares\/atico\" target=\"_blank\">Linares<br \/>\nZona:<br \/>\nATICO<\/a><br \/>\nSuperficie:\u00a0102,00 m\u00b2.<br \/>\n3 Habitacioneses 1, Ba\u00f1o<\/td>\n<\/tr>\n<tr>\n<td align=\"right\" valign=\"bottom\">101.300 \u20ac<\/td>\n<\/tr>\n<\/tbody>\n<\/table>\n<\/td>\n<\/tr>\n<tr>\n<td valign=\"top\" width=\"50%\">\n<table border=\"0\" width=\"100%\" cellspacing=\"1\" cellpadding=\"2\" bgcolor=\"#ffffff\">\n<tbody>\n<tr valign=\"top\">\n<td rowspan=\"2\" align=\"left\" valign=\"top\" width=\"90\"><a href=\"http:\/\/www.inmobiliariabancaria.com\/81002\/15\/tenerife\/santa-cruz-de-tenerife\/atico-de-banco\" target=\"_blank\"><img src=\"http:\/\/www.inmobiliariabancaria.com\/imagen\/sin_imagen.gif\" alt=\"Ver ficha del ATICO\" width=\"90\" border=\"1\" \/><\/a><\/td>\n<td valign=\"top\"><a title=\"Ver ficha del ATICO\" href=\"http:\/\/www.inmobiliariabancaria.com\/81002\/15\/tenerife\/santa-cruz-de-tenerife\/atico-de-banco\" target=\"_blank\">SANTA CRUZ DE TENERIFE<br \/>\nZona:<br \/>\nATICO<\/a><br \/>\nSuperficie:\u00a074,00 m\u00b2.<br \/>\n2 Habitacioneses 1, Ba\u00f1o<\/td>\n<\/tr>\n<tr>\n<td align=\"right\" valign=\"bottom\">101.500 \u20ac<\/td>\n<\/tr>\n<\/tbody>\n<\/table>\n<\/td>\n<\/tr>\n<tr>\n<td valign=\"top\" width=\"50%\">\n<table border=\"0\" width=\"100%\" cellspacing=\"1\" cellpadding=\"2\" bgcolor=\"#e8f4fe\">\n<tbody>\n<tr valign=\"top\">\n<td rowspan=\"2\" align=\"left\" valign=\"top\" width=\"90\"><a href=\"http:\/\/www.inmobiliariabancaria.com\/29339\/15\/tarragona\/amposta\/atico\" target=\"_blank\"><img src=\"http:\/\/u.doncomparador.com\/viviendas\/201207\/33173\/162659\/small_imagen-444203.jpg\" alt=\"Ver ficha del ATICO\" width=\"90\" border=\"1\" \/><\/a><\/td>\n<td valign=\"top\"><a title=\"Ver ficha del ATICO\" href=\"http:\/\/www.inmobiliariabancaria.com\/29339\/15\/tarragona\/amposta\/atico\" target=\"_blank\">Amposta<br \/>\nZona:<br \/>\nATICO<\/a><br \/>\nSuperficie:\u00a092,00 m\u00b2.<\/td>\n<\/tr>\n<tr>\n<td align=\"right\" valign=\"bottom\">102.500 \u20ac<\/td>\n<\/tr>\n<\/tbody>\n<\/table>\n<\/td>\n<\/tr>\n<tr>\n<td valign=\"top\" width=\"50%\">\n<table border=\"0\" width=\"100%\" cellspacing=\"1\" cellpadding=\"2\" bgcolor=\"#ffffff\">\n<tbody>\n<tr valign=\"top\">\n<td rowspan=\"2\" align=\"left\" valign=\"top\" width=\"90\"><a href=\"http:\/\/www.inmobiliariabancaria.com\/96062\/15\/madrid\/ciempozuelos\/atico\" target=\"_blank\"><img src=\"http:\/\/www.inmobiliariabancaria.com\/imagen\/sin_imagen.gif\" alt=\"Ver ficha del ATICO\" width=\"90\" border=\"1\" \/><\/a><\/td>\n<td valign=\"top\"><a title=\"Ver ficha del ATICO\" href=\"http:\/\/www.inmobiliariabancaria.com\/96062\/15\/madrid\/ciempozuelos\/atico\" target=\"_blank\">Ciempozuelos<br \/>\nZona:<br \/>\nATICO<\/a><br \/>\nSuperficie:\u00a085,00 m\u00b2.<\/td>\n<\/tr>\n<tr>\n<td align=\"right\" valign=\"bottom\">103.600 \u20ac<\/td>\n<\/tr>\n<\/tbody>\n<\/table>\n<\/td>\n<\/tr>\n<tr>\n<td valign=\"top\" width=\"50%\">\n<table border=\"0\" width=\"100%\" cellspacing=\"1\" cellpadding=\"2\" bgcolor=\"#e8f4fe\">\n<tbody>\n<tr valign=\"top\">\n<td rowspan=\"2\" align=\"left\" valign=\"top\" width=\"90\"><a href=\"http:\/\/www.inmobiliariabancaria.com\/22159\/15\/baleares\/capdepera\/atico-de-banco\" target=\"_blank\"><img src=\"http:\/\/u.doncomparador.com\/viviendas\/201207\/25983\/138089\/small_imagen-326910.jpg\" alt=\"Ver ficha del ATICO\" width=\"90\" border=\"1\" \/><\/a><\/td>\n<td valign=\"top\"><a title=\"Ver ficha del ATICO\" href=\"http:\/\/www.inmobiliariabancaria.com\/22159\/15\/baleares\/capdepera\/atico-de-banco\" target=\"_blank\">Capdepera<br \/>\nZona:<br \/>\nATICO<\/a><br \/>\nSuperficie:\u00a083,00 m\u00b2.<\/td>\n<\/tr>\n<tr>\n<td align=\"right\" valign=\"bottom\">108.800 \u20ac<\/td>\n<\/tr>\n<\/tbody>\n<\/table>\n<\/td>\n<\/tr>\n<tr>\n<td valign=\"top\" width=\"50%\">\n<table border=\"0\" width=\"100%\" cellspacing=\"1\" cellpadding=\"2\" bgcolor=\"#ffffff\">\n<tbody>\n<tr valign=\"top\">\n<td rowspan=\"2\" align=\"left\" valign=\"top\" width=\"90\"><a href=\"http:\/\/www.inmobiliariabancaria.com\/20039\/15\/cadiz\/benalup-casas-viejas\/atico-de-banco\" target=\"_blank\"><img src=\"http:\/\/u.doncomparador.com\/viviendas\/201207\/23833\/130673\/small_imagen-585478.jpg\" alt=\"Ver ficha del ATICO\" width=\"90\" border=\"1\" \/><\/a><\/td>\n<td valign=\"top\"><a title=\"Ver ficha del ATICO\" href=\"http:\/\/www.inmobiliariabancaria.com\/20039\/15\/cadiz\/benalup-casas-viejas\/atico-de-banco\" target=\"_blank\">Benalup-Casas Viejas<br \/>\nZona:<br \/>\nATICO<\/a><br \/>\nSuperficie:\u00a0133,00 m\u00b2.<\/td>\n<\/tr>\n<tr>\n<td align=\"right\" valign=\"bottom\">110.600 \u20ac<\/td>\n<\/tr>\n<\/tbody>\n<\/table>\n<\/td>\n<\/tr>\n<tr>\n<td valign=\"top\" width=\"50%\">\n<table border=\"0\" width=\"100%\" cellspacing=\"1\" cellpadding=\"2\" bgcolor=\"#e8f4fe\">\n<tbody>\n<tr valign=\"top\">\n<td rowspan=\"2\" align=\"left\" valign=\"top\" width=\"90\"><a href=\"http:\/\/www.inmobiliariabancaria.com\/36207\/15\/barcelona\/montcada-i-reixac\/atico-de-banco\" target=\"_blank\"><img src=\"http:\/\/u.doncomparador.com\/viviendas\/201210\/40515\/224915\/small_imagen-916910.jpg\" alt=\"Ver ficha del ATICO\" width=\"90\" border=\"1\" \/><\/a><\/td>\n<td valign=\"top\"><a title=\"Ver ficha del ATICO\" href=\"http:\/\/www.inmobiliariabancaria.com\/36207\/15\/barcelona\/montcada-i-reixac\/atico-de-banco\" target=\"_blank\">Montcada i Reixac<br \/>\nZona:<br \/>\nATICO<\/a><br \/>\nSuperficie:\u00a0101,00 m\u00b2.<\/td>\n<\/tr>\n<tr>\n<td align=\"right\" valign=\"bottom\">111.800 \u20ac<\/td>\n<\/tr>\n<\/tbody>\n<\/table>\n<\/td>\n<\/tr>\n<tr>\n<td valign=\"top\" width=\"50%\">\n<table border=\"0\" width=\"100%\" cellspacing=\"1\" cellpadding=\"2\" bgcolor=\"#ffffff\">\n<tbody>\n<tr valign=\"top\">\n<td rowspan=\"2\" align=\"left\" valign=\"top\" width=\"90\"><a href=\"http:\/\/www.inmobiliariabancaria.com\/31625\/15\/huesca\/binefar\/atico-de-banco\" target=\"_blank\"><img src=\"http:\/\/u.doncomparador.com\/viviendas\/201207\/35485\/182064\/small_009001000100001xxxxxxxxx6785410101pla20foto13.jpg\" alt=\"Ver ficha del ATICO\" width=\"90\" border=\"1\" \/><\/a><\/td>\n<td valign=\"top\"><a title=\"Ver ficha del ATICO\" href=\"http:\/\/www.inmobiliariabancaria.com\/31625\/15\/huesca\/binefar\/atico-de-banco\" target=\"_blank\">Bin\u00e9far<br \/>\nZona:<br \/>\nATICO<\/a><br \/>\nSuperficie:\u00a0103,00 m\u00b2.<br \/>\n3 Habitacioneses 2, Ba\u00f1os<\/td>\n<\/tr>\n<tr>\n<td align=\"right\" valign=\"bottom\">115.000 \u20ac<\/td>\n<\/tr>\n<\/tbody>\n<\/table>\n<\/td>\n<\/tr>\n<\/tbody>\n<\/table>\n<table width=\"100%\" cellspacing=\"2\" cellpadding=\"0\">\n<tbody>\n<tr>\n<td align=\"right\"><\/td>\n<\/tr>\n<tr>\n<td valign=\"top\" width=\"50%\">\n<table border=\"0\" width=\"100%\" cellspacing=\"1\" cellpadding=\"2\" bgcolor=\"#ffffff\">\n<tbody>\n<tr valign=\"top\">\n<td rowspan=\"2\" align=\"left\" valign=\"top\" width=\"90\"><a href=\"http:\/\/www.inmobiliariabancaria.com\/40693\/30\/cadiz\/puerto-de-santa-maria-el\/atico\" target=\"_blank\"><img src=\"http:\/\/www.inmobiliariabancaria.com\/imagen\/sin_imagen.gif\" alt=\"Ver ficha del ATICO\" width=\"90\" border=\"1\" \/><\/a><\/td>\n<td valign=\"top\"><a title=\"Ver ficha del ATICO\" href=\"http:\/\/www.inmobiliariabancaria.com\/40693\/30\/cadiz\/puerto-de-santa-maria-el\/atico-de-banco\" target=\"_blank\">Puerto de Santa Mar\u00eda (El)<br \/>\nZona:<br \/>\nATICO<\/a><br \/>\nSuperficie:\u00a098,00 m\u00b2.<br \/>\n2 Habitacioneses 2, Ba\u00f1os<\/td>\n<\/tr>\n<tr>\n<td align=\"right\" valign=\"bottom\">119.700 \u20ac<\/td>\n<\/tr>\n<\/tbody>\n<\/table>\n<\/td>\n<\/tr>\n<tr>\n<td valign=\"top\" width=\"50%\">\n<table border=\"0\" width=\"100%\" cellspacing=\"1\" cellpadding=\"2\" bgcolor=\"#e8f4fe\">\n<tbody>\n<tr valign=\"top\">\n<td rowspan=\"2\" align=\"left\" valign=\"top\" width=\"90\"><a href=\"http:\/\/www.inmobiliariabancaria.com\/32696\/30\/malaga\/fuengirola\/atico\" target=\"_blank\"><img src=\"http:\/\/u.doncomparador.com\/viviendas\/201207\/36575\/198032\/small_009001000100004xxxxxxxxx7456520101patico20en20los20pacos20fuengirola20-20pisos20de20banco20281429.jpg\" alt=\"Ver ficha del ATICO\" width=\"90\" border=\"1\" \/><\/a><\/td>\n<td valign=\"top\"><a title=\"Ver ficha del ATICO\" href=\"http:\/\/www.inmobiliariabancaria.com\/32696\/30\/malaga\/fuengirola\/atico\" target=\"_blank\">Fuengirola<br \/>\nZona:<br \/>\nATICO<\/a><br \/>\nSuperficie:\u00a090,00 m\u00b2.<br \/>\n2 Habitacioneses 2, Ba\u00f1os<\/td>\n<\/tr>\n<tr>\n<td align=\"right\" valign=\"bottom\">178.000 \u20ac<\/td>\n<\/tr>\n<\/tbody>\n<\/table>\n<\/td>\n<\/tr>\n<tr>\n<td valign=\"top\" width=\"50%\">\n<table border=\"0\" width=\"100%\" cellspacing=\"1\" cellpadding=\"2\" bgcolor=\"#ffffff\">\n<tbody>\n<tr valign=\"top\">\n<td rowspan=\"2\" align=\"left\" valign=\"top\" width=\"90\"><a href=\"http:\/\/www.inmobiliariabancaria.com\/25979\/30\/malaga\/mijas\/atico\" target=\"_blank\"><img src=\"http:\/\/u.doncomparador.com\/viviendas\/201207\/29812\/150306\/small_imagen-280627.jpg\" alt=\"Ver ficha del ATICO\" width=\"90\" border=\"1\" \/><\/a><\/td>\n<td valign=\"top\"><a title=\"Ver ficha del ATICO\" href=\"http:\/\/www.inmobiliariabancaria.com\/25979\/30\/malaga\/mijas\/atico\" target=\"_blank\">Mijas<br \/>\nZona:<br \/>\nATICO<\/a><br \/>\nSuperficie:\u00a0196,00 m\u00b2.<\/td>\n<\/tr>\n<tr>\n<td align=\"right\" valign=\"bottom\">351.500 \u20ac<\/td>\n<\/tr>\n<\/tbody>\n<\/table>\n<\/td>\n<\/tr>\n<\/tbody>\n<\/table>\n<h2><\/h2>\n<ul>\n<li>\n<h2><a href=\"http:\/\/www.inmobiliariabancaria.com\" target=\"_blank\"><span style=\"text-decoration: underline;\">CALIDAD &#8211; en SERVICIO y PRODUCTO<\/span><\/a><\/h2>\n<\/li>\n<li>\n<h2><a href=\"http:\/\/www.inmobiliariabancaria.com\" target=\"_blank\"><span style=\"text-decoration: underline;\">Nuestro MEJOR TRATO PERSONALIZADO<\/span><\/a><\/h2>\n<\/li>\n<li>\n<h2><span style=\"text-decoration: underline;\"><a href=\"http:\/\/www.inmobiliariabancaria.com\" target=\"_blank\">RAPIDEZ en darte la INFORMACION necesaria<\/a><\/span><\/h2>\n<\/li>\n<\/ul>\n<p>&nbsp;<\/p>\n<p>\u00a1\u00a1De nada y feliz d\u00eda!!<\/p>\n<p><a href=\"http:\/\/www.inmobiliariabancaria.com\/blog\/wp-content\/uploads\/logo-inmobiliaria-bancaria-ok-pisos-de-bancos-con-telefono.jpg\"><img loading=\"lazy\" class=\"wp-image-1133 alignnone\" src=\"http:\/\/www.inmobiliariabancaria.com\/blog\/wp-content\/uploads\/logo-inmobiliaria-bancaria-ok-pisos-de-bancos-con-telefono.jpg\" alt=\"logo inmobiliaria bancaria ok pisos de bancos con telefono pisos de bancos casas viviendas\" width=\"324\" height=\"259\" srcset=\"https:\/\/www.inmobiliariabancaria.com\/blog\/wp-content\/uploads\/logo-inmobiliaria-bancaria-ok-pisos-de-bancos-con-telefono.jpg 1500w, https:\/\/www.inmobiliariabancaria.com\/blog\/wp-content\/uploads\/logo-inmobiliaria-bancaria-ok-pisos-de-bancos-con-telefono-300x240.jpg 300w, https:\/\/www.inmobiliariabancaria.com\/blog\/wp-content\/uploads\/logo-inmobiliaria-bancaria-ok-pisos-de-bancos-con-telefono-1024x819.jpg 1024w\" sizes=\"(max-width: 324px) 100vw, 324px\" \/><\/a><\/p>\n<p>&nbsp;<\/p>\n<p>&nbsp;<\/p>\n<a class=\"synved-social-button synved-social-button-share synved-social-size-48 synved-social-resolution-single synved-social-provider-facebook nolightbox\" data-provider=\"facebook\" target=\"_blank\" rel=\"nofollow\" title=\"Comparte en Facebook\" href=\"https:\/\/www.facebook.com\/sharer.php?u=https%3A%2F%2Fwww.inmobiliariabancaria.com%2Fblog%2Fwp-json%2Fwp%2Fv2%2Fposts%2F1435&#038;t=Los%2033%20%C3%A1ticos%20de%20los%20bancos%20m%C3%A1s%20baratos%20de%20Espa%C3%B1a&#038;s=100&#038;p&#091;url&#093;=https%3A%2F%2Fwww.inmobiliariabancaria.com%2Fblog%2Fwp-json%2Fwp%2Fv2%2Fposts%2F1435&#038;p&#091;images&#093;&#091;0&#093;=https%3A%2F%2Fwww.inmobiliariabancaria.com%2Fblog%2Fwp-content%2Fuploads%2FPisos-casas-viviendas-aticosde-bancos-inmobiliaria-bancaria-la-sareb-banco-malo.jpg&#038;p&#091;title&#093;=Los%2033%20%C3%A1ticos%20de%20los%20bancos%20m%C3%A1s%20baratos%20de%20Espa%C3%B1a\" style=\"font-size: 0px; width:48px;height:48px;margin:0;margin-bottom:5px;margin-right:5px;\"><img alt=\"Facebook\" title=\"Comparte en Facebook\" class=\"synved-share-image synved-social-image synved-social-image-share\" width=\"48\" height=\"48\" style=\"display: inline; width:48px;height:48px; margin: 0; padding: 0; border: none; box-shadow: none;\" src=\"https:\/\/www.inmobiliariabancaria.com\/blog\/wp-content\/plugins\/social-media-feather\/synved-social\/image\/social\/regular\/96x96\/facebook.png\" \/><\/a><a class=\"synved-social-button synved-social-button-share synved-social-size-48 synved-social-resolution-single synved-social-provider-twitter nolightbox\" data-provider=\"twitter\" target=\"_blank\" rel=\"nofollow\" title=\"Comparte en Twitter\" href=\"https:\/\/twitter.com\/intent\/tweet?url=https%3A%2F%2Fwww.inmobiliariabancaria.com%2Fblog%2Fwp-json%2Fwp%2Fv2%2Fposts%2F1435&#038;text=Hey%20check%20this%20out\" style=\"font-size: 0px; width:48px;height:48px;margin:0;margin-bottom:5px;margin-right:5px;\"><img alt=\"twitter\" title=\"Comparte en Twitter\" class=\"synved-share-image synved-social-image synved-social-image-share\" width=\"48\" height=\"48\" style=\"display: inline; width:48px;height:48px; margin: 0; padding: 0; border: none; box-shadow: none;\" src=\"https:\/\/www.inmobiliariabancaria.com\/blog\/wp-content\/plugins\/social-media-feather\/synved-social\/image\/social\/regular\/96x96\/twitter.png\" \/><\/a><a class=\"synved-social-button synved-social-button-share synved-social-size-48 synved-social-resolution-single synved-social-provider-linkedin nolightbox\" data-provider=\"linkedin\" target=\"_blank\" rel=\"nofollow\" title=\"Comparte en Linkedin\" href=\"https:\/\/www.linkedin.com\/shareArticle?mini=true&#038;url=https%3A%2F%2Fwww.inmobiliariabancaria.com%2Fblog%2Fwp-json%2Fwp%2Fv2%2Fposts%2F1435&#038;title=Los%2033%20%C3%A1ticos%20de%20los%20bancos%20m%C3%A1s%20baratos%20de%20Espa%C3%B1a\" style=\"font-size: 0px; width:48px;height:48px;margin:0;margin-bottom:5px;\"><img alt=\"linkedin\" title=\"Comparte en Linkedin\" class=\"synved-share-image synved-social-image synved-social-image-share\" width=\"48\" height=\"48\" style=\"display: inline; width:48px;height:48px; margin: 0; padding: 0; border: none; box-shadow: none;\" src=\"https:\/\/www.inmobiliariabancaria.com\/blog\/wp-content\/plugins\/social-media-feather\/synved-social\/image\/social\/regular\/96x96\/linkedin.png\" \/><\/a>","protected":false},"excerpt":{"rendered":"<p>Hoy retomamos el vuelo despu\u00e9s de una merecidas vacaciones pero solo parte de nuestro equipo. Nos turnamos justo para poder darte nuestro mejor SERVICIO y&#8230; &#8230;hoy Inmobiliaria Bancaria se DESTAPA y te hace un REGALO \u00bfMOTIVO? &#8230; = TU&#8230; &#8230;y tu demanda de viviendas de entidades bancarias del que cada vez podemos ofrecerte m\u00e1s pisos, apartamentos y casas que proceden de los bancos en una sola Web. Ya sabes que&#8230;<\/p>\n","protected":false},"author":2,"featured_media":1441,"comment_status":"open","ping_status":"open","sticky":false,"template":"","format":"standard","meta":[],"categories":[387,373,281,6,5,131,132,18,88,723,761,771,745,888,1179,724,774,736,759,765,750,737,760,725,735,757,754,746,726,747,530,458,751,727,748,772,728,732,729,768,766,738,752,762,755,730,769,775,770,897,763,739,764,740,741,731,742,753,767,733,749,758,743,773,744,734,345,3],"tags":[328,21,1845,7,53,1829,140,130,1834,1831,25,155,89,90,1828],"jetpack_featured_media_url":"https:\/\/www.inmobiliariabancaria.com\/blog\/wp-content\/uploads\/Pisos-casas-viviendas-aticosde-bancos-inmobiliaria-bancaria-la-sareb-banco-malo.jpg","_links":{"self":[{"href":"https:\/\/www.inmobiliariabancaria.com\/blog\/wp-json\/wp\/v2\/posts\/1435"}],"collection":[{"href":"https:\/\/www.inmobiliariabancaria.com\/blog\/wp-json\/wp\/v2\/posts"}],"about":[{"href":"https:\/\/www.inmobiliariabancaria.com\/blog\/wp-json\/wp\/v2\/types\/post"}],"author":[{"embeddable":true,"href":"https:\/\/www.inmobiliariabancaria.com\/blog\/wp-json\/wp\/v2\/users\/2"}],"replies":[{"embeddable":true,"href":"https:\/\/www.inmobiliariabancaria.com\/blog\/wp-json\/wp\/v2\/comments?post=1435"}],"version-history":[{"count":16,"href":"https:\/\/www.inmobiliariabancaria.com\/blog\/wp-json\/wp\/v2\/posts\/1435\/revisions"}],"predecessor-version":[{"id":3347,"href":"https:\/\/www.inmobiliariabancaria.com\/blog\/wp-json\/wp\/v2\/posts\/1435\/revisions\/3347"}],"wp:featuredmedia":[{"embeddable":true,"href":"https:\/\/www.inmobiliariabancaria.com\/blog\/wp-json\/wp\/v2\/media\/1441"}],"wp:attachment":[{"href":"https:\/\/www.inmobiliariabancaria.com\/blog\/wp-json\/wp\/v2\/media?parent=1435"}],"wp:term":[{"taxonomy":"category","embeddable":true,"href":"https:\/\/www.inmobiliariabancaria.com\/blog\/wp-json\/wp\/v2\/categories?post=1435"},{"taxonomy":"post_tag","embeddable":true,"href":"https:\/\/www.inmobiliariabancaria.com\/blog\/wp-json\/wp\/v2\/tags?post=1435"}],"curies":[{"name":"wp","href":"https:\/\/api.w.org\/{rel}","templated":true}]}}